{"id":56957,"date":"2024-06-13T22:49:00","date_gmt":"2024-06-13T14:49:00","guid":{"rendered":"https:\/\/www.lidercare.com\/10-idees-fortes-sur-les-effets-a-long-terme-de-lutilisation-dun-dentifrice-fluore-sur-la-sante\/"},"modified":"2025-08-13T11:48:07","modified_gmt":"2025-08-13T03:48:07","slug":"10-idees-fortes-sur-les-effets-a-long-terme-de-lutilisation-dun-dentifrice-fluore-sur-la-sante","status":"publish","type":"post","link":"https:\/\/www.lidercare.com\/fr\/10-idees-fortes-sur-les-effets-a-long-terme-de-lutilisation-dun-dentifrice-fluore-sur-la-sante\/","title":{"rendered":"10 id\u00e9es fortes sur les effets \u00e0 long terme de l&rsquo;utilisation d&rsquo;un dentifrice fluor\u00e9 sur la sant\u00e9"},"content":{"rendered":"\t\t<div data-elementor-type=\"wp-post\" data-elementor-id=\"56957\" class=\"elementor elementor-56957 elementor-20044\" data-elementor-post-type=\"post\">\n\t\t\t\t<div class=\"elementor-element elementor-element-23759cdc e-flex e-con-boxed e-con e-parent\" data-id=\"23759cdc\" data-element_type=\"container\" data-e-type=\"container\" data-settings=\"{&quot;background_background&quot;:&quot;classic&quot;}\">\n\t\t\t\t\t<div class=\"e-con-inner\">\n\t\t\t\t<div class=\"elementor-element elementor-element-3666039 elementor-hidden-mobile elementor-widget elementor-widget-breadcrumbs\" data-id=\"3666039\" data-element_type=\"widget\" data-e-type=\"widget\" data-widget_type=\"breadcrumbs.default\">\n\t\t\t\t<div class=\"elementor-widget-container\">\n\t\t\t\t\t<nav><span class=\"last\">Accueil<\/span><\/nav>\t\t\t\t<\/div>\n\t\t\t\t<\/div>\n\t\t\t\t<div class=\"elementor-element elementor-element-935d3f4 elementor-widget elementor-widget-heading\" data-id=\"935d3f4\" data-element_type=\"widget\" data-e-type=\"widget\" data-widget_type=\"heading.default\">\n\t\t\t\t<div class=\"elementor-widget-container\">\n\t\t\t\t\t<h1 class=\"elementor-heading-title elementor-size-default\">10 id\u00e9es fortes sur les effets \u00e0 long terme de l'utilisation d'un dentifrice fluor\u00e9 sur la sant\u00e9<\/h1>\t\t\t\t<\/div>\n\t\t\t\t<\/div>\n\t\t\t\t\t<\/div>\n\t\t\t\t<\/div>\n\t\t<div class=\"elementor-element elementor-element-2301b350 e-flex e-con-boxed e-con e-parent\" data-id=\"2301b350\" data-element_type=\"container\" data-e-type=\"container\">\n\t\t\t\t\t<div class=\"e-con-inner\">\n\t\t<div class=\"elementor-element elementor-element-57fc3ef8 e-flex e-con-boxed e-con e-child\" data-id=\"57fc3ef8\" data-element_type=\"container\" data-e-type=\"container\">\n\t\t\t\t\t<div class=\"e-con-inner\">\n\t\t\t\t<div class=\"elementor-element elementor-element-43a9caae blog-text elementor-widget elementor-widget-text-editor\" data-id=\"43a9caae\" data-element_type=\"widget\" data-e-type=\"widget\" data-widget_type=\"text-editor.default\">\n\t\t\t\t<div class=\"elementor-widget-container\">\n\t\t\t\t\t\t\t\t\t<h2><strong><span data-preserver-spaces=\"true\">Introduction<\/span><\/strong><\/h2>\n<p><span data-preserver-spaces=\"true\">Le dentifrice fluor\u00e9 a longtemps \u00e9t\u00e9 <\/span><span data-preserver-spaces=\"true\">a longtemps \u00e9t\u00e9 d\u00e9fendu<\/span><span data-preserver-spaces=\"true\">  pour son r\u00f4le dans la pr\u00e9vention des caries dentaires, une r\u00e9ussite importante en mati\u00e8re de sant\u00e9 publique. Cependant, comme toute intervention sanitaire de grande envergure, elle m\u00e9rite d&rsquo;\u00eatre examin\u00e9e de pr\u00e8s. Pour comprendre les effets \u00e0 long terme sur la sant\u00e9 de l&rsquo;utilisation d&rsquo;un dentifrice fluor\u00e9, il faut examiner comment le fluor s&rsquo;accumule dans l&rsquo;organisme, ses effets potentiels sur la sant\u00e9 osseuse, la fonction thyro\u00efdienne et le d\u00e9veloppement neurologique, ainsi que les strat\u00e9gies permettant d&rsquo;att\u00e9nuer les risques associ\u00e9s.    <\/span><span data-preserver-spaces=\"true\">Cette exploration n&rsquo;est pas seulement un exercice acad\u00e9mique ; elle touche aux implications de la vie r\u00e9elle pour les millions de personnes dans le monde qui utilisent quotidiennement un <a href=\"https:\/\/www.lidercare.com\/fr\/fabricant-du-meilleur-dentifrice-blanchissant\/dentifrice-fluore-pour-bouche-seche\/\" title=\"Dentifrice fluor\u00e9 pour bouche s\u00e8che\" target=\"_blank\" rel=\"noopener\" class=\"link-whisper\" data-wpil-monitor-id=\"343\">dentifrice au fluor<\/a>.<\/span><\/p>\n<p><img fetchpriority=\"high\" decoding=\"async\" class=\"alignnone size-full wp-image-20046\" src=\"https:\/\/www.lidercare.com\/wp-content\/uploads\/Long-term-Health-Effects-of-Using-Fluoride-Toothpaste-Fluoride-Accumulation-in-the-Body-Potential-Impact-on-Bone-Health-Thyroid-Function-Neurodevelopmental-Concerns-Mitigating-Long-term-Risks-of-Fluoride-Us.png\" alt=\"Effets \u00e0 long terme sur la sant\u00e9 de l'utilisation de dentifrices au fluor Accumulation de fluor dans l'organisme, impact potentiel sur la sant\u00e9 osseuse, la fonction thyro\u00efdienne, probl\u00e8mes de d\u00e9veloppement neurologique, att\u00e9nuation des risques \u00e0 long terme li\u00e9s \u00e0 l'utilisation du fluor\" width=\"800\" height=\"533\" srcset=\"https:\/\/www.lidercare.com\/wp-content\/uploads\/Long-term-Health-Effects-of-Using-Fluoride-Toothpaste-Fluoride-Accumulation-in-the-Body-Potential-Impact-on-Bone-Health-Thyroid-Function-Neurodevelopmental-Concerns-Mitigating-Long-term-Risks-of-Fluoride-Us.png 800w, https:\/\/www.lidercare.com\/wp-content\/uploads\/Long-term-Health-Effects-of-Using-Fluoride-Toothpaste-Fluoride-Accumulation-in-the-Body-Potential-Impact-on-Bone-Health-Thyroid-Function-Neurodevelopmental-Concerns-Mitigating-Long-term-Risks-of-Fluoride-Us-600x400.png 600w, https:\/\/www.lidercare.com\/wp-content\/uploads\/Long-term-Health-Effects-of-Using-Fluoride-Toothpaste-Fluoride-Accumulation-in-the-Body-Potential-Impact-on-Bone-Health-Thyroid-Function-Neurodevelopmental-Concerns-Mitigating-Long-term-Risks-of-Fluoride-Us-768x512.png 768w\" sizes=\"(max-width: 800px) 100vw, 800px\" \/><\/p>\n<h2><strong><span data-preserver-spaces=\"true\">Accumulation de fluorure dans l&rsquo;organisme<\/span><\/strong><\/h2>\n<p><strong><span data-preserver-spaces=\"true\">M\u00e9canismes d&rsquo;absorption des fluorures<\/span><\/strong><\/p>\n<p><span data-preserver-spaces=\"true\">Le fluor p\u00e9n\u00e8tre dans l&rsquo;organisme principalement par l&rsquo;ingestion d&rsquo;eau fluor\u00e9e, d&rsquo;aliments et de produits dentaires tels que le dentifrice. Une fois ing\u00e9r\u00e9, il est absorb\u00e9 dans l&rsquo;estomac et l&rsquo;intestin gr\u00eale. L&rsquo;efficacit\u00e9 de cette absorption peut varier en fonction de facteurs alimentaires et de la pr\u00e9sence d&rsquo;autres min\u00e9raux. Par exemple, le calcium peut former des complexes insolubles avec le fluorure, ce qui r\u00e9duit l&rsquo;absorption.   <\/span><\/p>\n<p><strong><span data-preserver-spaces=\"true\">Stockage du fluor dans les os et les dents<\/span><\/strong><\/p>\n<p><span data-preserver-spaces=\"true\">Apr\u00e8s absorption, le fluorure est transport\u00e9 par la circulation sanguine et <\/span><span data-preserver-spaces=\"true\">est principalement stock\u00e9<\/span><span data-preserver-spaces=\"true\">  dans les os et les dents. Les os agissent comme des r\u00e9servoirs, incorporant et lib\u00e9rant continuellement du fluor en fonction des niveaux plasmatiques. Dans les dents, le fluorure contribue \u00e0 la remin\u00e9ralisation, rendant l&rsquo;\u00e9mail plus r\u00e9sistant aux attaques acides des bact\u00e9ries. Ce double m\u00e9canisme de stockage est crucial pour les avantages dentaires du fluor, mais il soul\u00e8ve des questions sur les cons\u00e9quences \u00e0 long terme d&rsquo;une accumulation continue.   <\/span><\/p>\n<p><strong><span data-preserver-spaces=\"true\">Fluorure dans les tissus mous<\/span><\/strong><\/p>\n<p><span data-preserver-spaces=\"true\">Si les os et les dents contiennent la majorit\u00e9 du fluorure, celui-ci s&rsquo;accumule \u00e9galement en plus petites quantit\u00e9s dans les tissus mous tels que le cerveau, le foie et les reins. <\/span><span data-preserver-spaces=\"true\">tissus mous tels que le cerveau, le foie et les reins.<\/span><span data-preserver-spaces=\"true\">  La concentration dans ces tissus peut influencer divers processus physiologiques, ce qui peut avoir des effets n\u00e9fastes sur la sant\u00e9 si les niveaux deviennent excessifs. Le rein joue notamment un r\u00f4le essentiel dans l&rsquo;excr\u00e9tion du fluorure, et une alt\u00e9ration de la fonction r\u00e9nale peut exacerber la r\u00e9tention du fluorure. <\/span><\/p>\n<p><strong><span data-preserver-spaces=\"true\">Impact de la <\/span><span data-preserver-spaces=\"true\">Fluoration de l&rsquo;eau<\/span><\/strong><\/p>\n<p><span data-preserver-spaces=\"true\">La fluoration de l&rsquo;eau est une mesure de sant\u00e9 publique qui<\/span><span data-preserver-spaces=\"true\">  r\u00e9duit les caries dentaires dans toutes les populations. Cependant, son impact s&rsquo;\u00e9tend au-del\u00e0 de la sant\u00e9 dentaire. L&rsquo;apport de fluor dans l&rsquo;eau s&rsquo;ajoute \u00e0 l&rsquo;exposition cumul\u00e9e provenant d&rsquo;autres sources telles que l&rsquo;alimentation et les produits dentaires. L&rsquo;\u00e9quilibre entre ses avantages et ses risques fait l&rsquo;objet d&rsquo;un d\u00e9bat permanent, ce qui souligne la n\u00e9cessit\u00e9 d&rsquo;une surveillance et d&rsquo;une recherche continues.   <\/span><\/p>\n<h2><strong><span data-preserver-spaces=\"true\">Impact potentiel sur la sant\u00e9 osseuse<\/span><\/strong><\/h2>\n<p><strong><span data-preserver-spaces=\"true\">Fluorure et densit\u00e9 osseuse<\/span><\/strong><\/p>\n<p><span data-preserver-spaces=\"true\">Le fluor est connu pour influencer la densit\u00e9 osseuse. Il peut stimuler la formation osseuse en quantit\u00e9s contr\u00f4l\u00e9es, ce qui peut \u00eatre b\u00e9n\u00e9fique pour les personnes souffrant d&rsquo;ost\u00e9oporose. Toutefois, un apport excessif en fluor peut entra\u00eener une augmentation de la masse osseuse dont la structure n&rsquo;est pas solide, ce qui soul\u00e8ve des inqui\u00e9tudes quant au risque de fractures.  <\/span><\/p>\n<p><strong><span data-preserver-spaces=\"true\">R\u00f4le du fluor dans le remodelage osseux<\/span><\/strong><\/p>\n<p><span data-preserver-spaces=\"true\">Le remodelage osseux est un processus dynamique au cours duquel l&rsquo;os ancien <\/span><span data-preserver-spaces=\"true\">est<\/span><span data-preserver-spaces=\"true\"> r\u00e9sorption<\/span><span data-preserver-spaces=\"true\">et la formation d&rsquo;os nouveau <\/span><span data-preserver-spaces=\"true\">se forme<\/span><span data-preserver-spaces=\"true\">. Le fluor affecte ce processus en renfor\u00e7ant l&rsquo;activit\u00e9 des ost\u00e9oblastes (cellules de formation osseuse). Bien que cela puisse sembler b\u00e9n\u00e9fique, cela peut conduire \u00e0 la formation d&rsquo;os plus fragiles et sujets aux fractures au fil du temps.  <\/span><\/p>\n<p><strong><span data-preserver-spaces=\"true\">Risques de fluorose squelettique<\/span><\/strong><\/p>\n<p><span data-preserver-spaces=\"true\">La fluorose squelettique est une affection r\u00e9sultant d&rsquo;une exposition prolong\u00e9e \u00e0 des niveaux \u00e9lev\u00e9s de fluorure. Elle se manifeste \u00e0 diff\u00e9rents stades, allant de sympt\u00f4mes b\u00e9nins tels que raideurs et douleurs articulaires \u00e0 de graves d\u00e9formations et \u00e0 l&rsquo;immobilit\u00e9. Il est essentiel de comprendre les seuils qui conduisent \u00e0 de telles conditions pour fixer des limites d&rsquo;exposition s\u00fbres.  <\/span><\/p>\n<p><strong><span data-preserver-spaces=\"true\">Comparaison avec d&rsquo;autres min\u00e9raux<\/span><\/strong><\/p>\n<p><span data-preserver-spaces=\"true\">La comparaison du fluor avec d&rsquo;autres min\u00e9raux essentiels tels que le calcium et le magn\u00e9sium met en \u00e9vidence son r\u00f4le unique et ses risques potentiels.  <\/span><span data-preserver-spaces=\"true\">Le calcium et le magn\u00e9sium sont essentiels \u00e0 la sant\u00e9 des os,<\/span><span data-preserver-spaces=\"true\">  un exc\u00e8s de fluor peut perturber l&rsquo;\u00e9quilibre et entra\u00eener des effets n\u00e9fastes. Cette comparaison souligne l&rsquo;importance de maintenir un apport min\u00e9ral \u00e9quilibr\u00e9 pour une sant\u00e9 osseuse optimale. <\/span><\/p>\n<h2><strong><span data-preserver-spaces=\"true\">Dentifrice fluor\u00e9 et fonction thyro\u00efdienne<\/span><\/strong><\/h2>\n<p><img decoding=\"async\" class=\"alignnone size-full wp-image-20051\" src=\"https:\/\/www.lidercare.com\/wp-content\/uploads\/Fluoride-Toothpaste-and-Thyroid-Function.jpg\" alt=\"Dentifrice fluor\u00e9 et fonction thyro\u00efdienne\" width=\"860\" height=\"573\" srcset=\"https:\/\/www.lidercare.com\/wp-content\/uploads\/Fluoride-Toothpaste-and-Thyroid-Function.jpg 860w, https:\/\/www.lidercare.com\/wp-content\/uploads\/Fluoride-Toothpaste-and-Thyroid-Function-600x400.jpg 600w, https:\/\/www.lidercare.com\/wp-content\/uploads\/Fluoride-Toothpaste-and-Thyroid-Function-768x512.jpg 768w\" sizes=\"(max-width: 860px) 100vw, 860px\" \/><\/p>\n<p><strong><span data-preserver-spaces=\"true\">Production et r\u00e9gulation de l&rsquo;hormone thyro\u00efdienne<\/span><\/strong><\/p>\n<p><span data-preserver-spaces=\"true\">La glande thyro\u00efde r\u00e9gule le m\u00e9tabolisme, la croissance et le d\u00e9veloppement.<\/span><span data-preserver-spaces=\"true\">  en produisant des hormones thyro\u00efdiennes. La similitude chimique du fluor avec l&rsquo;iode, un \u00e9l\u00e9ment essentiel \u00e0 la production d&rsquo;hormones thyro\u00efdiennes, suscite des inqui\u00e9tudes quant \u00e0 une \u00e9ventuelle interf\u00e9rence avec la fonction thyro\u00efdienne. <\/span><\/p>\n<p><strong><span data-preserver-spaces=\"true\">Fluorure Interf\u00e9rence avec <\/span><span data-preserver-spaces=\"true\">l&rsquo;iode<\/span><\/strong><\/p>\n<p><span data-preserver-spaces=\"true\">L&rsquo;iode est indispensable \u00e0 la synth\u00e8se de la thyro\u00efde.<\/span><span data-preserver-spaces=\"true\">  hormones. Chimiquement similaires <\/span><span data-preserver-spaces=\"true\">  fluorure<\/span><span data-preserver-spaces=\"true\">  peut entrer en comp\u00e9tition avec l&rsquo;iode, ce qui peut inhiber la fonction thyro\u00efdienne. Cette interf\u00e9rence peut r\u00e9duire la production d&rsquo;hormones, ce qui a un impact sur les processus m\u00e9taboliques et la sant\u00e9 en g\u00e9n\u00e9ral. <\/span><\/p>\n<p><strong><span data-preserver-spaces=\"true\">\u00c9tudes sur le fluor et la sant\u00e9 thyro\u00efdienne<\/span><\/strong><\/p>\n<p><span data-preserver-spaces=\"true\">De nombreuses \u00e9tudes ont examin\u00e9 la relation entre l&rsquo;exposition au fluorure et la sant\u00e9 thyro\u00efdienne. Certaines sugg\u00e8rent une corr\u00e9lation entre un apport \u00e9lev\u00e9 en fluor et une diminution de la fonction thyro\u00efdienne, en particulier dans les r\u00e9gions o\u00f9 la carence en iode est end\u00e9mique. Ces r\u00e9sultats soulignent la n\u00e9cessit\u00e9 de poursuivre les recherches pour en comprendre toutes les implications.  <\/span><\/p>\n<p><strong><span data-preserver-spaces=\"true\">Troubles thyro\u00efdiens et exposition au fluorure<\/span><\/strong><\/p>\n<p><span data-preserver-spaces=\"true\">Les troubles thyro\u00efdiens, notamment l&rsquo;hypothyro\u00efdie et la thyro\u00efdite auto-immune, peuvent \u00eatre influenc\u00e9s par l&rsquo;exposition au fluor. Bien que les preuves ne soient pas concluantes, certaines \u00e9tudes \u00e9pid\u00e9miologiques sugg\u00e8rent un risque accru de ces troubles dans les populations ayant un apport \u00e9lev\u00e9 en fluor. Ce lien potentiel m\u00e9rite d&rsquo;\u00eatre pris en compte dans les politiques de sant\u00e9 publique.  <\/span><\/p>\n<p><img decoding=\"async\" class=\"alignnone size-full wp-image-20056\" src=\"https:\/\/www.lidercare.com\/wp-content\/uploads\/Neurodevelopmental-Concerns-with-Fluoride-Exposure.jpg\" alt=\"Pr\u00e9occupations neurod\u00e9veloppementales li\u00e9es \u00e0 l'exposition au fluorure\" width=\"858\" height=\"570\" srcset=\"https:\/\/www.lidercare.com\/wp-content\/uploads\/Neurodevelopmental-Concerns-with-Fluoride-Exposure.jpg 858w, https:\/\/www.lidercare.com\/wp-content\/uploads\/Neurodevelopmental-Concerns-with-Fluoride-Exposure-600x399.jpg 600w, https:\/\/www.lidercare.com\/wp-content\/uploads\/Neurodevelopmental-Concerns-with-Fluoride-Exposure-768x510.jpg 768w\" sizes=\"(max-width: 858px) 100vw, 858px\" \/><\/p>\n<h2><strong><span data-preserver-spaces=\"true\">Pr\u00e9occupations neurod\u00e9veloppementales li\u00e9es \u00e0 l&rsquo;exposition au fluorure<\/span><\/strong><\/h2>\n<p><strong><span data-preserver-spaces=\"true\">P\u00e9riodes critiques du d\u00e9veloppement c\u00e9r\u00e9bral<\/span><\/strong><\/p>\n<p><span data-preserver-spaces=\"true\">Le d\u00e9veloppement du cerveau se produit \u00e0 des p\u00e9riodes critiques, en particulier in utero et dans la petite enfance. Pendant ces p\u00e9riodes, l&rsquo;exposition \u00e0 des substances neurotoxiques peut avoir des effets profonds et durables. La capacit\u00e9 du fluorure \u00e0 traverser la barri\u00e8re h\u00e9mato-enc\u00e9phalique soul\u00e8ve des inqui\u00e9tudes quant \u00e0 son impact durant ces phases vuln\u00e9rables.  <\/span><\/p>\n<p><strong><span data-preserver-spaces=\"true\">\u00c9tudes \u00e9tablissant un lien entre le fluorure et les probl\u00e8mes de d\u00e9veloppement neurologique<\/span><\/strong><\/p>\n<p><span data-preserver-spaces=\"true\">Des \u00e9tudes r\u00e9centes ont explor\u00e9 le lien potentiel entre<\/span><span data-preserver-spaces=\"true\">  l&rsquo;exposition au fluor et les probl\u00e8mes de d\u00e9veloppement neurologique. Certaines recherches sugg\u00e8rent un lien entre un apport \u00e9lev\u00e9 en fluor pendant la grossesse et un QI plus faible chez les enfants. Bien que ces \u00e9tudes ne soient pas d\u00e9finitives, elles soulignent la n\u00e9cessit\u00e9 d&rsquo;une \u00e9valuation prudente de l&rsquo;exposition au fluor pendant la grossesse et la petite enfance.  <\/span><\/p>\n<p><strong><span data-preserver-spaces=\"true\">Effets comportementaux et cognitifs<\/span><\/strong><\/p>\n<p><span data-preserver-spaces=\"true\">Au-del\u00e0 du QI, l&rsquo;exposition au fluorure a \u00e9t\u00e9 <\/span><span data-preserver-spaces=\"true\">\u00e9t\u00e9 \u00e9tudi\u00e9e<\/span><span data-preserver-spaces=\"true\">  pour ses effets potentiels sur le comportement et les fonctions cognitives. Certaines donn\u00e9es sugg\u00e8rent qu&rsquo;un apport excessif de fluorure peut   <\/span><span data-preserver-spaces=\"true\">\u00eatre associ\u00e9 au trouble d\u00e9ficitaire de l&rsquo;attention avec hyperactivit\u00e9 (TDAH)<\/span><span data-preserver-spaces=\"true\">) et d&rsquo;autres probl\u00e8mes de comportement. Il est essentiel de comprendre ces impacts potentiels pour \u00e9laborer des lignes directrices visant \u00e0 prot\u00e9ger la sant\u00e9 des enfants. <\/span><\/p>\n<p><strong><span data-preserver-spaces=\"true\">Comparaison avec d&rsquo;autres neurotoxines<\/span><\/strong><\/p>\n<p><span data-preserver-spaces=\"true\">Le potentiel neurotoxique du fluorure peut \u00eatre compar\u00e9<\/span><span data-preserver-spaces=\"true\">  \u00e0 des neurotoxines bien connues comme le plomb et le mercure. Bien que le fluorure soit moins puissant, son utilisation g\u00e9n\u00e9ralis\u00e9e et l&rsquo;exposition cumulative soul\u00e8vent des pr\u00e9occupations importantes. Cette comparaison souligne l&rsquo;importance de la recherche continue et de la vigilance dans la gestion de l&rsquo;exposition au fluorure.  <\/span><\/p>\n<h2><strong><span data-preserver-spaces=\"true\">Att\u00e9nuer les risques \u00e0 long terme de l&rsquo;utilisation du fluorure<\/span><\/strong><\/h2>\n<p><strong><span data-preserver-spaces=\"true\">Concentrations optimales de fluorure<\/span><\/strong><\/p>\n<p><span data-preserver-spaces=\"true\">Il est essentiel de d\u00e9terminer la concentration optimale de fluorure dans les produits dentaires et l&rsquo;eau potable afin d&rsquo;\u00e9quilibrer les avantages et les risques. Les directives de sant\u00e9 publique recommandent des niveaux sp\u00e9cifiques pour maximiser les b\u00e9n\u00e9fices pour la sant\u00e9 dentaire tout en minimisant les effets n\u00e9gatifs potentiels. Au fur et \u00e0 mesure que de nouvelles preuves apparaissent, ces directives doivent \u00eatre continuellement r\u00e9vis\u00e9es et ajust\u00e9es.  <\/span><\/p>\n<p><strong><span data-preserver-spaces=\"true\">Alternatives au <a href=\"https:\/\/www.lidercare.com\/fr\/fabricant-de-dentifrice-en-mousse\/dentifrice-au-bicarbonate-de-soude-a-faible-teneur-en-fluor\/\" title=\"Dentifrice au bicarbonate de soude \u00e0 faible teneur en fluor\" target=\"_blank\" rel=\"noopener\" class=\"link-whisper\" data-wpil-monitor-id=\"1747\">dentifrice fluor\u00e9<\/a><\/span><\/strong><\/p>\n<p><span data-preserver-spaces=\"true\">Plusieurs alternatives au <a href=\"https:\/\/www.lidercare.com\/fr\/pourquoi-devriez-vous-eviter-le-fluor-dans-le-dentifrice\/\" title=\"Pourquoi devriez-vous \u00e9viter le fluor dans le dentifrice ?\" target=\"_blank\" rel=\"noopener\" class=\"link-whisper\" data-wpil-monitor-id=\"4003\">dentifrice<\/a> au fluor sont disponibles pour les personnes pr\u00e9occup\u00e9es par l&rsquo;exposition au fluor. Il s&rsquo;agit notamment de <a href=\"https:\/\/www.lidercare.com\/fr\/fabricant-du-meilleur-dentifrice-blanchissant\/dentifrice-au-xylitol\/\" title=\"Dentifrice au xylitol\" target=\"_blank\" rel=\"noopener\" class=\"link-whisper\" data-wpil-monitor-id=\"802\">dentifrices contenant des ingr\u00e9dients naturels tels que le xylitol<\/a>, le bicarbonate de soude et les huiles essentielles, qui permettent de pr\u00e9server efficacement la sant\u00e9 dentaire sans fluor. <\/span><\/p>\n<p><strong><span data-preserver-spaces=\"true\">Recommandations en mati\u00e8re de sant\u00e9 publique<\/span><\/strong><\/p>\n<p><span data-preserver-spaces=\"true\">Les recommandations de sant\u00e9 publique jouent un r\u00f4le crucial dans la gestion de l&rsquo;exposition au fluor. Ces recommandations doivent \u00eatre fond\u00e9es sur des preuves scientifiques solides et prendre en compte les diverses sources de fluor dans l&rsquo;environnement. Une communication transparente avec le public sur les avantages et les risques de l&rsquo;utilisation du fluor est \u00e9galement essentielle.  <\/span><\/p>\n<p><strong><span data-preserver-spaces=\"true\">Produits de <a href=\"https:\/\/www.lidercare.com\/fr\/misconceptions-about-dental-care-2\/\" title=\"Id\u00e9es fausses sur les soins dentaires\" target=\"_blank\" rel=\"noopener\" class=\"link-whisper\" data-wpil-monitor-id=\"2977\">soins dentaires<\/a> sans fluor<\/span><\/strong><\/p>\n<p><span data-preserver-spaces=\"true\">Le march\u00e9 des produits de soins dentaires sans fluor se d\u00e9veloppe, refl\u00e9tant la demande croissante des consommateurs. Ces produits offrent des alternatives \u00e0 ceux qui cherchent \u00e0 r\u00e9duire leur consommation de fluor tout en conservant une bonne hygi\u00e8ne bucco-dentaire. L&rsquo;examen de l&rsquo;efficacit\u00e9 et de la s\u00e9curit\u00e9 de ces produits est essentiel pour que le consommateur puisse faire son choix en connaissance de cause.  <\/span><\/p>\n<p><strong><span data-preserver-spaces=\"true\">Habitudes personnelles pour r\u00e9duire l&rsquo;exposition au fluorure<\/span><\/strong><\/p>\n<p><span data-preserver-spaces=\"true\">Les individus peuvent adopter plusieurs habitudes pour r\u00e9duire l&rsquo;exposition au fluorure, comme l&rsquo;utilisation d&rsquo;un <a href=\"https:\/\/www.lidercare.com\/fr\/fabricant-du-meilleur-dentifrice-blanchissant\/dentifrice-pour-bebe-sans-fluor\/\" title=\"Dentifrice pour b\u00e9b\u00e9 sans fluor\" target=\"_blank\" rel=\"noopener\" class=\"link-whisper\" data-wpil-monitor-id=\"429\">dentifrice sans fluor<\/a>, la consommation d&rsquo;eau non fluor\u00e9e et l&rsquo;attention port\u00e9e \u00e0 la teneur en fluorure des aliments et des boissons. Ces pratiques peuvent aider \u00e0 g\u00e9rer l&rsquo;apport cumulatif de fluorure et \u00e0 att\u00e9nuer les risques potentiels pour la sant\u00e9. <\/span><\/p>\n<p><strong><span data-preserver-spaces=\"true\">R\u00f4le de l&rsquo;alimentation dans la gestion des niveaux de fluorure<\/span><\/strong><\/p>\n<p><span data-preserver-spaces=\"true\">Le r\u00e9gime alimentaire joue un r\u00f4le important dans la gestion des niveaux de fluor dans l&rsquo;organisme. La consommation d&rsquo;aliments riches en calcium, en magn\u00e9sium et en vitamine D peut contribuer \u00e0 \u00e9quilibrer l&rsquo;absorption du fluorure et \u00e0 promouvoir la sant\u00e9 g\u00e9n\u00e9rale des os.   <\/span><span data-preserver-spaces=\"true\">En outre, la limitation de la consommation d&rsquo;aliments transform\u00e9s et de boissons \u00e0 forte teneur en fluor peut r\u00e9duire davantage l&rsquo;exposition.<\/span><span data-preserver-spaces=\"true\"> boissons \u00e0 forte teneur en fluorure peut r\u00e9duire davantage l&rsquo;exposition.<\/span><\/p>\n\t\t\t\t\t\t\t\t<\/div>\n\t\t\t\t<\/div>\n\t\t<div class=\"elementor-element elementor-element-491e5d77 e-flex e-con-boxed e-con e-child\" data-id=\"491e5d77\" data-element_type=\"container\" data-e-type=\"container\" data-settings=\"{&quot;background_background&quot;:&quot;gradient&quot;}\">\n\t\t\t\t\t<div class=\"e-con-inner\">\n\t\t<div class=\"elementor-element elementor-element-60593310 e-con-full e-flex e-con e-child\" data-id=\"60593310\" data-element_type=\"container\" data-e-type=\"container\">\n\t\t\t\t<div class=\"elementor-element elementor-element-6d28397b elementor-widget elementor-widget-heading\" data-id=\"6d28397b\" data-element_type=\"widget\" data-e-type=\"widget\" data-widget_type=\"heading.default\">\n\t\t\t\t<div class=\"elementor-widget-container\">\n\t\t\t\t\t<h3 class=\"elementor-heading-title elementor-size-default\">Essayez Lidercare maintenant !<\/h3>\t\t\t\t<\/div>\n\t\t\t\t<\/div>\n\t\t\t\t<div class=\"elementor-element elementor-element-15a93e87 elementor-widget elementor-widget-heading\" data-id=\"15a93e87\" data-element_type=\"widget\" data-e-type=\"widget\" data-widget_type=\"heading.default\">\n\t\t\t\t<div class=\"elementor-widget-container\">\n\t\t\t\t\t<p class=\"elementor-heading-title elementor-size-default\">Nous vous aidons \u00e0 lancer de nouveaux produits et \u00e0 poursuivre votre croissance. Essayez-nous avec 20% de r\u00e9duction sur votre premi\u00e8re commande ! <\/p>\t\t\t\t<\/div>\n\t\t\t\t<\/div>\n\t\t\t\t<\/div>\n\t\t\t\t<div class=\"elementor-element elementor-element-34a95946 elementor-widget elementor-widget-button\" data-id=\"34a95946\" data-element_type=\"widget\" data-e-type=\"widget\" data-widget_type=\"button.default\">\n\t\t\t\t<div class=\"elementor-widget-container\">\n\t\t\t\t\t\t\t\t\t<div class=\"elementor-button-wrapper\">\n\t\t\t\t\t<a class=\"elementor-button elementor-button-link elementor-size-sm\" href=\"#elementor-action%3Aaction%3Dpopup%3Aopen%26settings%3DeyJpZCI6NzQwNTAsInRvZ2dsZSI6ZmFsc2V9\">\n\t\t\t\t\t\t<span class=\"elementor-button-content-wrapper\">\n\t\t\t\t\t\t\t\t\t<span class=\"elementor-button-text\">Demande de devis<\/span>\n\t\t\t\t\t<\/span>\n\t\t\t\t\t<\/a>\n\t\t\t\t<\/div>\n\t\t\t\t\t\t\t\t<\/div>\n\t\t\t\t<\/div>\n\t\t\t\t\t<\/div>\n\t\t\t\t<\/div>\n\t\t\t\t<div class=\"elementor-element elementor-element-5c1eafbe blog-text elementor-widget elementor-widget-text-editor\" data-id=\"5c1eafbe\" data-element_type=\"widget\" data-e-type=\"widget\" data-widget_type=\"text-editor.default\">\n\t\t\t\t<div class=\"elementor-widget-container\">\n\t\t\t\t\t\t\t\t\t<h2><strong><span data-preserver-spaces=\"true\">FAQ<\/span><\/strong><\/h2>\n<p><strong>Quels sont les effets \u00e0 long terme sur la sant\u00e9 de l&rsquo;utilisation d&rsquo;un dentifrice au fluor ?<\/strong><\/p>\n<p><span data-preserver-spaces=\"true\">Le dentifrice fluor\u00e9 aide \u00e0 pr\u00e9venir les caries dentaires, mais son utilisation \u00e0 long terme peut entra\u00eener une accumulation de fluor dans l&rsquo;organisme, ce qui peut avoir un impact sur la sant\u00e9 des os, la fonction thyro\u00efdienne et le d\u00e9veloppement neurologique.<\/span><\/p>\n<p><strong>Comment le fluorure s&rsquo;accumule-t-il dans l&rsquo;organisme ?<\/strong><\/p>\n<p><span data-preserver-spaces=\"true\">Le fluor est absorb\u00e9 par l&rsquo;estomac et l&rsquo;intestin gr\u00eale et stock\u00e9 principalement dans les os et les dents. Il peut \u00e9galement s&rsquo;accumuler en plus petites quantit\u00e9s dans les tissus mous comme le cerveau, le foie et les reins. <\/span><\/p>\n<p><strong>Le <a href=\"https:\/\/www.lidercare.com\/fr\/what-you-need-to-know-about-fluoride-in-toothpaste-2\/\" title=\"Ce que vous devez savoir sur le fluor dans le dentifrice\" target=\"_blank\" rel=\"noopener\" class=\"link-whisper\" data-wpil-monitor-id=\"3945\">fluor contenu dans le dentifrice<\/a> peut-il affecter la sant\u00e9 des os ?<\/strong><\/p>\n<p><span data-preserver-spaces=\"true\">Oui, le fluorure influence la densit\u00e9 et le remodelage des os. Bien qu&rsquo;il puisse renforcer les os en petites quantit\u00e9s,   <\/span><span data-preserver-spaces=\"true\">un exc\u00e8s de fluor peut entra\u00eener une fluorose squelettique, caract\u00e9ris\u00e9e par des<\/span><span data-preserver-spaces=\"true\"> des douleurs et des raideurs articulaires.<\/span><\/p>\n<p><strong>Quelle est la relation entre le fluor et la fonction thyro\u00efdienne ?<\/strong><\/p>\n<p><span data-preserver-spaces=\"true\">Le fluor peut interf\u00e9rer avec l&rsquo;iode, qui est essentiel \u00e0 la production d&rsquo;hormones thyro\u00efdiennes. Un apport \u00e9lev\u00e9 en fluor peut inhiber la fonction thyro\u00efdienne, ce qui peut entra\u00eener des troubles de la thyro\u00efde. <\/span><\/p>\n<p><strong>L&rsquo;exposition au fluorure pose-t-elle des probl\u00e8mes de d\u00e9veloppement neurologique ?<\/strong><\/p>\n<p><span data-preserver-spaces=\"true\">Certaines \u00e9tudes sugg\u00e8rent qu&rsquo;un apport \u00e9lev\u00e9 en fluor pendant la grossesse et la petite enfance pourrait \u00eatre li\u00e9 \u00e0 une augmentation de la consommation de fluor. <\/span><span data-preserver-spaces=\"true\">\u00eatre li\u00e9e<\/span><span data-preserver-spaces=\"true\">  \u00e0 un QI plus faible et \u00e0 des probl\u00e8mes de comportement chez les enfants. Toutefois, des recherches suppl\u00e9mentaires sont n\u00e9cessaires pour confirmer ces r\u00e9sultats. <\/span><\/p>\n<p><strong>Comment puis-je att\u00e9nuer les risques li\u00e9s \u00e0 l&rsquo;utilisation du fluor ?<\/strong><\/p>\n<p><span data-preserver-spaces=\"true\">Pour r\u00e9duire les risques, utilisez des produits dentaires sans fluor, consommez de l&rsquo;eau non fluor\u00e9e, maintenez une alimentation \u00e9quilibr\u00e9e riche en min\u00e9raux essentiels et suivez les recommandations de sant\u00e9 publique sur les concentrations optimales de fluor.<\/span><\/p>\n<h2><strong><span data-preserver-spaces=\"true\">Conclusion<\/span><\/strong><\/h2>\n<p><span data-preserver-spaces=\"true\">Les effets \u00e0 long terme du dentifrice fluor\u00e9 sur la sant\u00e9 impliquent une interaction complexe entre les avantages et les risques potentiels. <\/span><span data-preserver-spaces=\"true\">une interaction complexe de b\u00e9n\u00e9fices et de risques potentiels.<\/span><span data-preserver-spaces=\"true\">  Si le r\u00f4le du fluor dans la pr\u00e9vention des caries dentaires est bien \u00e9tabli, son impact sur la sant\u00e9 osseuse, la fonction thyro\u00efdienne et le d\u00e9veloppement neurologique doit \u00eatre examin\u00e9 avec soin. En restant inform\u00e9s, en adoptant des alternatives au fluor si n\u00e9cessaire et en suivant les directives de sant\u00e9 publique, les individus peuvent prendre des d\u00e9cisions \u00e9clair\u00e9es pour pr\u00e9server leur sant\u00e9 tout en profitant des avantages du dentifrice au fluor. <\/span><\/p>\n\t\t\t\t\t\t\t\t<\/div>\n\t\t\t\t<\/div>\n\t\t\t\t\t<\/div>\n\t\t\t\t<\/div>\n\t\t<div class=\"elementor-element elementor-element-1c98cdb4 e-con-full e-flex e-con e-child\" data-id=\"1c98cdb4\" data-element_type=\"container\" data-e-type=\"container\">\n\t\t<div class=\"elementor-element elementor-element-13a6f08 e-flex e-con-boxed e-con e-child\" data-id=\"13a6f08\" data-element_type=\"container\" data-e-type=\"container\" data-settings=\"{&quot;sticky&quot;:&quot;top&quot;,&quot;sticky_offset&quot;:150,&quot;sticky_parent&quot;:&quot;yes&quot;,&quot;sticky_on&quot;:[&quot;desktop&quot;,&quot;laptop&quot;,&quot;tablet&quot;,&quot;mobile&quot;],&quot;sticky_effects_offset&quot;:0,&quot;sticky_anchor_link_offset&quot;:0}\">\n\t\t\t\t\t<div class=\"e-con-inner\">\n\t\t\t\t<div class=\"elementor-element elementor-element-51e3cc2b elementor-toc--minimized-on-tablet elementor-widget elementor-widget-table-of-contents\" data-id=\"51e3cc2b\" data-element_type=\"widget\" data-e-type=\"widget\" data-settings=\"{&quot;headings_by_tags&quot;:[&quot;h2&quot;],&quot;exclude_headings_by_selector&quot;:[],&quot;container&quot;:&quot;article&quot;,&quot;marker_view&quot;:&quot;numbers&quot;,&quot;no_headings_message&quot;:&quot;Aucun titre n&#039;a \\u00e9t\\u00e9 trouv\\u00e9 sur cette page.&quot;,&quot;minimize_box&quot;:&quot;yes&quot;,&quot;minimized_on&quot;:&quot;tablet&quot;,&quot;hierarchical_view&quot;:&quot;yes&quot;,&quot;min_height&quot;:{&quot;unit&quot;:&quot;px&quot;,&quot;size&quot;:&quot;&quot;,&quot;sizes&quot;:[]},&quot;min_height_laptop&quot;:{&quot;unit&quot;:&quot;px&quot;,&quot;size&quot;:&quot;&quot;,&quot;sizes&quot;:[]},&quot;min_height_tablet&quot;:{&quot;unit&quot;:&quot;px&quot;,&quot;size&quot;:&quot;&quot;,&quot;sizes&quot;:[]},&quot;min_height_mobile&quot;:{&quot;unit&quot;:&quot;px&quot;,&quot;size&quot;:&quot;&quot;,&quot;sizes&quot;:[]}}\" data-widget_type=\"table-of-contents.default\">\n\t\t\t\t<div class=\"elementor-widget-container\">\n\t\t\t\t\t\t\t\t\t<div class=\"elementor-toc__header\">\r\n\t\t\t\t\t\t<h4 class=\"elementor-toc__header-title\">\r\n\t\t\t\tTable des mati\u00e8res\t\t\t<\/h4>\r\n\t\t\t\t\t\t\t\t\t\t<div class=\"elementor-toc__toggle-button elementor-toc__toggle-button--expand\" role=\"button\" tabindex=\"0\" aria-controls=\"elementor-toc__51e3cc2b\" aria-expanded=\"true\" aria-label=\"Ouvrir la table des mati\u00e8res\"><svg aria-hidden=\"true\" class=\"e-font-icon-svg e-fas-chevron-down\" viewBox=\"0 0 448 512\" xmlns=\"http:\/\/www.w3.org\/2000\/svg\"><path d=\"M207.029 381.476L12.686 187.132c-9.373-9.373-9.373-24.569 0-33.941l22.667-22.667c9.357-9.357 24.522-9.375 33.901-.04L224 284.505l154.745-154.021c9.379-9.335 24.544-9.317 33.901.04l22.667 22.667c9.373 9.373 9.373 24.569 0 33.941L240.971 381.476c-9.373 9.372-24.569 9.372-33.942 0z\"><\/path><\/svg><\/div>\r\n\t\t\t\t<div class=\"elementor-toc__toggle-button elementor-toc__toggle-button--collapse\" role=\"button\" tabindex=\"0\" aria-controls=\"elementor-toc__51e3cc2b\" aria-expanded=\"true\" aria-label=\"Fermer la table des mati\u00e8res\"><svg aria-hidden=\"true\" class=\"e-font-icon-svg e-fas-chevron-up\" viewBox=\"0 0 448 512\" xmlns=\"http:\/\/www.w3.org\/2000\/svg\"><path d=\"M240.971 130.524l194.343 194.343c9.373 9.373 9.373 24.569 0 33.941l-22.667 22.667c-9.357 9.357-24.522 9.375-33.901.04L224 227.495 69.255 381.516c-9.379 9.335-24.544 9.317-33.901-.04l-22.667-22.667c-9.373-9.373-9.373-24.569 0-33.941L207.03 130.525c9.372-9.373 24.568-9.373 33.941-.001z\"><\/path><\/svg><\/div>\r\n\t\t\t\t\t<\/div>\r\n\t\t\t\t<div id=\"elementor-toc__51e3cc2b\" class=\"elementor-toc__body\">\r\n\t\t\t<div class=\"elementor-toc__spinner-container\">\r\n\t\t\t\t<svg class=\"elementor-toc__spinner eicon-animation-spin e-font-icon-svg e-eicon-loading\" aria-hidden=\"true\" viewBox=\"0 0 1000 1000\" xmlns=\"http:\/\/www.w3.org\/2000\/svg\"><path d=\"M500 975V858C696 858 858 696 858 500S696 142 500 142 142 304 142 500H25C25 237 238 25 500 25S975 237 975 500 763 975 500 975Z\"><\/path><\/svg>\t\t\t<\/div>\r\n\t\t<\/div>\r\n\t\t\t\t\t\t<\/div>\n\t\t\t\t<\/div>\n\t\t<div class=\"elementor-element elementor-element-374a427f e-con-full e-flex e-con e-child\" data-id=\"374a427f\" data-element_type=\"container\" data-e-type=\"container\" data-settings=\"{&quot;animation&quot;:&quot;none&quot;}\">\n\t\t\t\t<div class=\"elementor-element elementor-element-5d1f4303 elementor-widget elementor-widget-heading\" data-id=\"5d1f4303\" data-element_type=\"widget\" data-e-type=\"widget\" data-widget_type=\"heading.default\">\n\t\t\t\t<div class=\"elementor-widget-container\">\n\t\t\t\t\t<p class=\"elementor-heading-title elementor-size-default\">G\u00e9nial ! Partager avec : <\/p>\t\t\t\t<\/div>\n\t\t\t\t<\/div>\n\t\t\t\t<div class=\"elementor-element elementor-element-51700a4b elementor-share-buttons--view-icon elementor-share-buttons--shape-circle elementor-grid-4 elementor-share-buttons--skin-gradient elementor-share-buttons--color-official elementor-widget elementor-widget-share-buttons\" data-id=\"51700a4b\" data-element_type=\"widget\" data-e-type=\"widget\" data-widget_type=\"share-buttons.default\">\n\t\t\t\t<div class=\"elementor-widget-container\">\n\t\t\t\t\t\t\t<div class=\"elementor-grid\" role=\"list\">\r\n\t\t\t\t\t\t\t\t<div class=\"elementor-grid-item\" role=\"listitem\">\r\n\t\t\t\t\t\t<div class=\"elementor-share-btn elementor-share-btn_facebook\" role=\"button\" tabindex=\"0\" aria-label=\"Partager sur facebook\">\r\n\t\t\t\t\t\t\t\t\t\t\t\t\t\t\t<span class=\"elementor-share-btn__icon\">\r\n\t\t\t\t\t\t\t\t<svg aria-hidden=\"true\" class=\"e-font-icon-svg e-fab-facebook\" viewBox=\"0 0 512 512\" xmlns=\"http:\/\/www.w3.org\/2000\/svg\"><path d=\"M504 256C504 119 393 8 256 8S8 119 8 256c0 123.78 90.69 226.38 209.25 245V327.69h-63V256h63v-54.64c0-62.15 37-96.48 93.67-96.48 27.14 0 55.52 4.84 55.52 4.84v61h-31.28c-30.8 0-40.41 19.12-40.41 38.73V256h68.78l-11 71.69h-57.78V501C413.31 482.38 504 379.78 504 256z\"><\/path><\/svg>\t\t\t\t\t\t\t<\/span>\r\n\t\t\t\t\t\t\t\t\t\t\t\t\t\t\t\t\t\t\t\t<\/div>\r\n\t\t\t\t\t<\/div>\r\n\t\t\t\t\t\t\t\t\t<div class=\"elementor-grid-item\" role=\"listitem\">\r\n\t\t\t\t\t\t<div class=\"elementor-share-btn elementor-share-btn_twitter\" role=\"button\" tabindex=\"0\" aria-label=\"Partager sur twitter\">\r\n\t\t\t\t\t\t\t\t\t\t\t\t\t\t\t<span class=\"elementor-share-btn__icon\">\r\n\t\t\t\t\t\t\t\t<svg aria-hidden=\"true\" class=\"e-font-icon-svg e-fab-twitter\" viewBox=\"0 0 512 512\" xmlns=\"http:\/\/www.w3.org\/2000\/svg\"><path d=\"M459.37 151.716c.325 4.548.325 9.097.325 13.645 0 138.72-105.583 298.558-298.558 298.558-59.452 0-114.68-17.219-161.137-47.106 8.447.974 16.568 1.299 25.34 1.299 49.055 0 94.213-16.568 130.274-44.832-46.132-.975-84.792-31.188-98.112-72.772 6.498.974 12.995 1.624 19.818 1.624 9.421 0 18.843-1.3 27.614-3.573-48.081-9.747-84.143-51.98-84.143-102.985v-1.299c13.969 7.797 30.214 12.67 47.431 13.319-28.264-18.843-46.781-51.005-46.781-87.391 0-19.492 5.197-37.36 14.294-52.954 51.655 63.675 129.3 105.258 216.365 109.807-1.624-7.797-2.599-15.918-2.599-24.04 0-57.828 46.782-104.934 104.934-104.934 30.213 0 57.502 12.67 76.67 33.137 23.715-4.548 46.456-13.32 66.599-25.34-7.798 24.366-24.366 44.833-46.132 57.827 21.117-2.273 41.584-8.122 60.426-16.243-14.292 20.791-32.161 39.308-52.628 54.253z\"><\/path><\/svg>\t\t\t\t\t\t\t<\/span>\r\n\t\t\t\t\t\t\t\t\t\t\t\t\t\t\t\t\t\t\t\t<\/div>\r\n\t\t\t\t\t<\/div>\r\n\t\t\t\t\t\t\t\t\t<div class=\"elementor-grid-item\" role=\"listitem\">\r\n\t\t\t\t\t\t<div class=\"elementor-share-btn elementor-share-btn_linkedin\" role=\"button\" tabindex=\"0\" aria-label=\"Partager sur linkedin\">\r\n\t\t\t\t\t\t\t\t\t\t\t\t\t\t\t<span class=\"elementor-share-btn__icon\">\r\n\t\t\t\t\t\t\t\t<svg aria-hidden=\"true\" class=\"e-font-icon-svg e-fab-linkedin\" viewBox=\"0 0 448 512\" xmlns=\"http:\/\/www.w3.org\/2000\/svg\"><path d=\"M416 32H31.9C14.3 32 0 46.5 0 64.3v383.4C0 465.5 14.3 480 31.9 480H416c17.6 0 32-14.5 32-32.3V64.3c0-17.8-14.4-32.3-32-32.3zM135.4 416H69V202.2h66.5V416zm-33.2-243c-21.3 0-38.5-17.3-38.5-38.5S80.9 96 102.2 96c21.2 0 38.5 17.3 38.5 38.5 0 21.3-17.2 38.5-38.5 38.5zm282.1 243h-66.4V312c0-24.8-.5-56.7-34.5-56.7-34.6 0-39.9 27-39.9 54.9V416h-66.4V202.2h63.7v29.2h.9c8.9-16.8 30.6-34.5 62.9-34.5 67.2 0 79.7 44.3 79.7 101.9V416z\"><\/path><\/svg>\t\t\t\t\t\t\t<\/span>\r\n\t\t\t\t\t\t\t\t\t\t\t\t\t\t\t\t\t\t\t\t<\/div>\r\n\t\t\t\t\t<\/div>\r\n\t\t\t\t\t\t\t\t\t<div class=\"elementor-grid-item\" role=\"listitem\">\r\n\t\t\t\t\t\t<div class=\"elementor-share-btn elementor-share-btn_reddit\" role=\"button\" tabindex=\"0\" aria-label=\"Partager sur reddit\">\r\n\t\t\t\t\t\t\t\t\t\t\t\t\t\t\t<span class=\"elementor-share-btn__icon\">\r\n\t\t\t\t\t\t\t\t<svg aria-hidden=\"true\" class=\"e-font-icon-svg e-fab-reddit\" viewBox=\"0 0 512 512\" xmlns=\"http:\/\/www.w3.org\/2000\/svg\"><path d=\"M201.5 305.5c-13.8 0-24.9-11.1-24.9-24.6 0-13.8 11.1-24.9 24.9-24.9 13.6 0 24.6 11.1 24.6 24.9 0 13.6-11.1 24.6-24.6 24.6zM504 256c0 137-111 248-248 248S8 393 8 256 119 8 256 8s248 111 248 248zm-132.3-41.2c-9.4 0-17.7 3.9-23.8 10-22.4-15.5-52.6-25.5-86.1-26.6l17.4-78.3 55.4 12.5c0 13.6 11.1 24.6 24.6 24.6 13.8 0 24.9-11.3 24.9-24.9s-11.1-24.9-24.9-24.9c-9.7 0-18 5.8-22.1 13.8l-61.2-13.6c-3-.8-6.1 1.4-6.9 4.4l-19.1 86.4c-33.2 1.4-63.1 11.3-85.5 26.8-6.1-6.4-14.7-10.2-24.1-10.2-34.9 0-46.3 46.9-14.4 62.8-1.1 5-1.7 10.2-1.7 15.5 0 52.6 59.2 95.2 132 95.2 73.1 0 132.3-42.6 132.3-95.2 0-5.3-.6-10.8-1.9-15.8 31.3-16 19.8-62.5-14.9-62.5zM302.8 331c-18.2 18.2-76.1 17.9-93.6 0-2.2-2.2-6.1-2.2-8.3 0-2.5 2.5-2.5 6.4 0 8.6 22.8 22.8 87.3 22.8 110.2 0 2.5-2.2 2.5-6.1 0-8.6-2.2-2.2-6.1-2.2-8.3 0zm7.7-75c-13.6 0-24.6 11.1-24.6 24.9 0 13.6 11.1 24.6 24.6 24.6 13.8 0 24.9-11.1 24.9-24.6 0-13.8-11-24.9-24.9-24.9z\"><\/path><\/svg>\t\t\t\t\t\t\t<\/span>\r\n\t\t\t\t\t\t\t\t\t\t\t\t\t\t\t\t\t\t\t\t<\/div>\r\n\t\t\t\t\t<\/div>\r\n\t\t\t\t\t\t<\/div>\r\n\t\t\t\t\t\t<\/div>\n\t\t\t\t<\/div>\n\t\t\t\t<\/div>\n\t\t\t\t\t<\/div>\n\t\t\t\t<\/div>\n\t\t\t\t<\/div>\n\t\t\t\t\t<\/div>\n\t\t\t\t<\/div>\n\t\t<div class=\"elementor-element elementor-element-5da90bac e-flex e-con-boxed e-con e-parent\" data-id=\"5da90bac\" data-element_type=\"container\" data-e-type=\"container\">\n\t\t\t\t\t<div class=\"e-con-inner\">\n\t\t\t\t<div class=\"elementor-element elementor-element-41e00ae7 elementor-widget-divider--view-line elementor-widget elementor-widget-divider\" data-id=\"41e00ae7\" data-element_type=\"widget\" data-e-type=\"widget\" data-widget_type=\"divider.default\">\n\t\t\t\t<div class=\"elementor-widget-container\">\n\t\t\t\t\t\t\t<div class=\"elementor-divider\">\n\t\t\t<span class=\"elementor-divider-separator\">\n\t\t\t\t\t\t<\/span>\n\t\t<\/div>\n\t\t\t\t\t\t<\/div>\n\t\t\t\t<\/div>\n\t\t\t\t<div class=\"elementor-element elementor-element-1ed2312d elementor-widget elementor-widget-heading\" data-id=\"1ed2312d\" data-element_type=\"widget\" data-e-type=\"widget\" data-widget_type=\"heading.default\">\n\t\t\t\t<div class=\"elementor-widget-container\">\n\t\t\t\t\t<h3 class=\"elementor-heading-title elementor-size-default\">Derniers articles de blog<\/h3>\t\t\t\t<\/div>\n\t\t\t\t<\/div>\n\t\t\t\t<div class=\"elementor-element elementor-element-73ce281 elementor-widget elementor-widget-heading\" data-id=\"73ce281\" data-element_type=\"widget\" data-e-type=\"widget\" data-widget_type=\"heading.default\">\n\t\t\t\t<div class=\"elementor-widget-container\">\n\t\t\t\t\t<p class=\"elementor-heading-title elementor-size-default\">D\u00e9couvrez les derni\u00e8res tendances du secteur et inspirez-vous de nos blogs actualis\u00e9s, qui vous donneront un nouvel \u00e9clairage pour stimuler votre activit\u00e9.<\/p>\t\t\t\t<\/div>\n\t\t\t\t<\/div>\n\t\t\t\t<div class=\"elementor-element elementor-element-6df6c2db elementor-grid-3 elementor-grid-tablet-2 elementor-grid-mobile-1 elementor-posts--thumbnail-top elementor-card-shadow-yes elementor-posts__hover-gradient elementor-widget elementor-widget-posts\" data-id=\"6df6c2db\" data-element_type=\"widget\" data-e-type=\"widget\" data-settings=\"{&quot;cards_row_gap&quot;:{&quot;unit&quot;:&quot;px&quot;,&quot;size&quot;:30,&quot;sizes&quot;:[]},&quot;cards_columns&quot;:&quot;3&quot;,&quot;cards_columns_tablet&quot;:&quot;2&quot;,&quot;cards_columns_mobile&quot;:&quot;1&quot;,&quot;cards_row_gap_laptop&quot;:{&quot;unit&quot;:&quot;px&quot;,&quot;size&quot;:&quot;&quot;,&quot;sizes&quot;:[]},&quot;cards_row_gap_tablet&quot;:{&quot;unit&quot;:&quot;px&quot;,&quot;size&quot;:&quot;&quot;,&quot;sizes&quot;:[]},&quot;cards_row_gap_mobile&quot;:{&quot;unit&quot;:&quot;px&quot;,&quot;size&quot;:&quot;&quot;,&quot;sizes&quot;:[]}}\" data-widget_type=\"posts.cards\">\n\t\t\t\t<div class=\"elementor-widget-container\">\n\t\t\t\t\t\t\t<div class=\"elementor-posts-container elementor-posts elementor-posts--skin-cards elementor-grid\" role=\"list\">\r\n\t\t\t\t<article class=\"elementor-post elementor-grid-item post-80781 post type-post status-publish format-standard has-post-thumbnail hentry category-news-fr\" role=\"listitem\">\r\n\t\t\t<div class=\"elementor-post__card\">\r\n\t\t\t\t<a class=\"elementor-post__thumbnail__link\" href=\"https:\/\/www.lidercare.com\/fr\/guide-de-lequipementier-pour-le-dentifrice-blanchissant\/\" tabindex=\"-1\" ><div class=\"elementor-post__thumbnail\"><img loading=\"lazy\" decoding=\"async\" width=\"800\" height=\"533\" src=\"https:\/\/www.lidercare.com\/wp-content\/uploads\/ChatGPT-Image-2026\u5e742\u67088\u65e5-18_11_21-1.png\" class=\"attachment-medium size-medium wp-image-80753\" alt=\"\" srcset=\"https:\/\/www.lidercare.com\/wp-content\/uploads\/ChatGPT-Image-2026\u5e742\u67088\u65e5-18_11_21-1.png 800w, https:\/\/www.lidercare.com\/wp-content\/uploads\/ChatGPT-Image-2026\u5e742\u67088\u65e5-18_11_21-1-768x512.png 768w\" sizes=\"(max-width: 800px) 100vw, 800px\"><\/div><\/a>\r\n\t\t\t\t<div class=\"elementor-post__text\">\r\n\t\t\t\t<h3 class=\"elementor-post__title\">\r\n\t\t\t<a href=\"https:\/\/www.lidercare.com\/fr\/guide-de-lequipementier-pour-le-dentifrice-blanchissant\/\" >\r\n\t\t\t\tGuide de l&rsquo;\u00e9quipementier pour le dentifrice blanchissant\t\t\t<\/a>\r\n\t\t<\/h3>\r\n\t\t\t\t<\/div>\r\n\t\t\t\t<div class=\"elementor-post__meta-data\">\r\n\t\t\t\t\t<span class=\"elementor-post-date\">\r\n\t\t\t8 f\u00e9vrier 2026\t\t<\/span>\r\n\t\t\t\t<\/div>\r\n\t\t\t\t\t<\/div>\r\n\t\t<\/article>\r\n\t\t\t\t<article class=\"elementor-post elementor-grid-item post-80603 post type-post status-publish format-standard has-post-thumbnail hentry category-news-fr\" role=\"listitem\">\r\n\t\t\t<div class=\"elementor-post__card\">\r\n\t\t\t\t<a class=\"elementor-post__thumbnail__link\" href=\"https:\/\/www.lidercare.com\/fr\/private-label-teeth-whitening-pen-manufacturer\/\" tabindex=\"-1\" ><div class=\"elementor-post__thumbnail\"><img loading=\"lazy\" decoding=\"async\" width=\"800\" height=\"533\" src=\"https:\/\/www.lidercare.com\/wp-content\/uploads\/ChatGPT-Image-2026\u5e742\u67084\u65e5-10_01_54-1.png\" class=\"attachment-medium size-medium wp-image-80686\" alt=\"\" srcset=\"https:\/\/www.lidercare.com\/wp-content\/uploads\/ChatGPT-Image-2026\u5e742\u67084\u65e5-10_01_54-1.png 800w, https:\/\/www.lidercare.com\/wp-content\/uploads\/ChatGPT-Image-2026\u5e742\u67084\u65e5-10_01_54-1-768x512.png 768w\" sizes=\"(max-width: 800px) 100vw, 800px\"><\/div><\/a>\r\n\t\t\t\t<div class=\"elementor-post__text\">\r\n\t\t\t\t<h3 class=\"elementor-post__title\">\r\n\t\t\t<a href=\"https:\/\/www.lidercare.com\/fr\/private-label-teeth-whitening-pen-manufacturer\/\" >\r\n\t\t\t\tFabricant de stylo de blanchiment des dents sous marque de distributeur\t\t\t<\/a>\r\n\t\t<\/h3>\r\n\t\t\t\t<\/div>\r\n\t\t\t\t<div class=\"elementor-post__meta-data\">\r\n\t\t\t\t\t<span class=\"elementor-post-date\">\r\n\t\t\t4 f\u00e9vrier 2026\t\t<\/span>\r\n\t\t\t\t<\/div>\r\n\t\t\t\t\t<\/div>\r\n\t\t<\/article>\r\n\t\t\t\t<article class=\"elementor-post elementor-grid-item post-80413 post type-post status-publish format-standard has-post-thumbnail hentry category-news-fr\" role=\"listitem\">\r\n\t\t\t<div class=\"elementor-post__card\">\r\n\t\t\t\t<a class=\"elementor-post__thumbnail__link\" href=\"https:\/\/www.lidercare.com\/fr\/private-label-purple-toothpaste-manufacturer\/\" tabindex=\"-1\" ><div class=\"elementor-post__thumbnail\"><img loading=\"lazy\" decoding=\"async\" width=\"800\" height=\"533\" src=\"https:\/\/www.lidercare.com\/wp-content\/uploads\/ChatGPT-Image-2026\u5e742\u67082\u65e5-14_15_39-1.png\" class=\"attachment-medium size-medium wp-image-80536\" alt=\"\" srcset=\"https:\/\/www.lidercare.com\/wp-content\/uploads\/ChatGPT-Image-2026\u5e742\u67082\u65e5-14_15_39-1.png 800w, https:\/\/www.lidercare.com\/wp-content\/uploads\/ChatGPT-Image-2026\u5e742\u67082\u65e5-14_15_39-1-768x512.png 768w\" sizes=\"(max-width: 800px) 100vw, 800px\"><\/div><\/a>\r\n\t\t\t\t<div class=\"elementor-post__text\">\r\n\t\t\t\t<h3 class=\"elementor-post__title\">\r\n\t\t\t<a href=\"https:\/\/www.lidercare.com\/fr\/private-label-purple-toothpaste-manufacturer\/\" >\r\n\t\t\t\tFabricant de dentifrice violet sous marque priv\u00e9e\t\t\t<\/a>\r\n\t\t<\/h3>\r\n\t\t\t\t<\/div>\r\n\t\t\t\t<div class=\"elementor-post__meta-data\">\r\n\t\t\t\t\t<span class=\"elementor-post-date\">\r\n\t\t\t2 f\u00e9vrier 2026\t\t<\/span>\r\n\t\t\t\t<\/div>\r\n\t\t\t\t\t<\/div>\r\n\t\t<\/article>\r\n\t\t\t\t<\/div>\r\n\t\t\r\n\t\t\t\t\t\t<\/div>\n\t\t\t\t<\/div>\n\t\t\t\t\t<\/div>\n\t\t\t\t<\/div>\n\t\t\t\t<\/div>\n\t\t","protected":false},"excerpt":{"rendered":"<p>Effets \u00e0 long terme sur la sant\u00e9 de l&rsquo;utilisation de dentifrices fluor\u00e9s : Explorez l&rsquo;accumulation de fluorure dans le corps, l&rsquo;impact potentiel sur la sant\u00e9 osseuse, la fonction thyro\u00efdienne, les probl\u00e8mes de d\u00e9veloppement neurologique et l&rsquo;att\u00e9nuation des risques \u00e0 long terme li\u00e9s \u00e0 l&rsquo;utilisation du fluorure.<\/p>\n","protected":false},"author":1,"featured_media":20053,"comment_status":"closed","ping_status":"open","sticky":false,"template":"elementor_theme","format":"standard","meta":{"_acf_changed":false,"footnotes":""},"categories":[13],"tags":[],"class_list":["post-56957","post","type-post","status-publish","format-standard","has-post-thumbnail","hentry","category-news"],"acf":[],"_links":{"self":[{"href":"https:\/\/www.lidercare.com\/fr\/wp-json\/wp\/v2\/posts\/56957","targetHints":{"allow":["GET"]}}],"collection":[{"href":"https:\/\/www.lidercare.com\/fr\/wp-json\/wp\/v2\/posts"}],"about":[{"href":"https:\/\/www.lidercare.com\/fr\/wp-json\/wp\/v2\/types\/post"}],"author":[{"embeddable":true,"href":"https:\/\/www.lidercare.com\/fr\/wp-json\/wp\/v2\/users\/1"}],"replies":[{"embeddable":true,"href":"https:\/\/www.lidercare.com\/fr\/wp-json\/wp\/v2\/comments?post=56957"}],"version-history":[{"count":3,"href":"https:\/\/www.lidercare.com\/fr\/wp-json\/wp\/v2\/posts\/56957\/revisions"}],"predecessor-version":[{"id":74391,"href":"https:\/\/www.lidercare.com\/fr\/wp-json\/wp\/v2\/posts\/56957\/revisions\/74391"}],"wp:featuredmedia":[{"embeddable":true,"href":"https:\/\/www.lidercare.com\/fr\/wp-json\/wp\/v2\/media\/20053"}],"wp:attachment":[{"href":"https:\/\/www.lidercare.com\/fr\/wp-json\/wp\/v2\/media?parent=56957"}],"wp:term":[{"taxonomy":"category","embeddable":true,"href":"https:\/\/www.lidercare.com\/fr\/wp-json\/wp\/v2\/categories?post=56957"},{"taxonomy":"post_tag","embeddable":true,"href":"https:\/\/www.lidercare.com\/fr\/wp-json\/wp\/v2\/tags?post=56957"}],"curies":[{"name":"wp","href":"https:\/\/api.w.org\/{rel}","templated":true}]}}